{"id":205,"date":"2022-01-29T20:36:24","date_gmt":"2022-01-29T19:36:24","guid":{"rendered":"https:\/\/turid.se\/?p=205"},"modified":"2024-03-26T20:23:39","modified_gmt":"2024-03-26T19:23:39","slug":"turid-hamtas-norge","status":"publish","type":"post","link":"https:\/\/turid.se\/sv\/2022\/01\/29\/turid-hamtas-norge\/","title":{"rendered":"N\u00e4r f\u00f6rsta Turid h\u00e4mtades i Norge"},"content":{"rendered":"\n<blockquote class=\"wp-block-quote is-layout-flow wp-block-quote-is-layout-flow\">\n<p>Jakob:<\/p>\n<\/blockquote>\n\n\n\n<figure class=\"wp-block-gallery has-nested-images columns-default is-cropped wp-block-gallery-1 is-layout-flex wp-block-gallery-is-layout-flex\">\n<figure class=\"wp-block-image size-large\"><a href=\"https:\/\/turid.se\/wp-content\/uploads\/2022\/01\/062Omkord66.jpg\"><img loading=\"lazy\" decoding=\"async\" width=\"1475\" height=\"759\" data-id=\"501\" src=\"https:\/\/turid.se\/wp-content\/uploads\/2022\/01\/062Omkord66.jpg\" alt=\"\" class=\"wp-image-501\" srcset=\"https:\/\/turid.se\/wp-content\/uploads\/2022\/01\/062Omkord66.jpg 1475w, https:\/\/turid.se\/wp-content\/uploads\/2022\/01\/062Omkord66-300x154.jpg 300w, https:\/\/turid.se\/wp-content\/uploads\/2022\/01\/062Omkord66-1024x527.jpg 1024w, https:\/\/turid.se\/wp-content\/uploads\/2022\/01\/062Omkord66-768x395.jpg 768w\" sizes=\"auto, (max-width: 1475px) 100vw, 1475px\" \/><\/a><\/figure>\n<\/figure>\n\n\n\n<p>Turid hette den norska fiskeb\u00e5t vi hade n\u00e4r jag var barn. Hon kom fr\u00e5n R\u00f8st, den yttersta \u00f6n i Lofoten i Nordnorge. Tv\u00e5 unga flygl\u00f6jtnanter Hans Bladh och Boo Eriksson fick id\u00e9n att k\u00f6pa b\u00e5t i Norge och ta den till Stockholm f\u00f6r kommande sommarsemestrar. \u00c4ventyret beskrevs 1966 i en artikelserie i <em><a rel=\"noreferrer noopener\" href=\"\/wp-content\/uploads\/2022\/01\/1966-Till-Rors-om-Turid.pdf\" target=\"_blank\">Till Rors med Segel och Motor<\/a><\/em>.<\/p>\n\n\n\n<div class=\"wp-block-media-text alignwide has-media-on-the-right is-stacked-on-mobile\" style=\"grid-template-columns:auto 29%\"><div class=\"wp-block-media-text__content\">\n<p>Turid var en s.k. skj\u00f8yte byggd 1935. Hon var drygt 10 m l\u00e5ng med styrhytt i aktern, lastrum i mitten och lugar (kajuta) med tre kojplatser i f\u00f6ren. Under styrhytten fanns en t\u00e4ndkulemotor.<\/p>\n\n\n\n<p class=\"has-large-font-size\">Hans Bladh och Boo Eriksson hittade henne i en tidningsannons och i juli 1965 st\u00e4mde de tr\u00e4ff med \u00e4garna f\u00f6r att g\u00f6ra aff\u00e4r i Stamsund 100 km norr om R\u00f8st.<\/p>\n\n\n\n<p>Efter tankning och stuvning gick f\u00e4rden tillbaka ner mot R\u00f8st d\u00e4r de fick en kort men grundlig genomg\u00e5ng av b\u00e5tens och maskinens sk\u00f6tsel innan f\u00f6rra \u00e4garen l\u00e4mnade \u00f6ver bef\u00e4let.<\/p>\n<\/div><figure class=\"wp-block-media-text__media\"><a href=\"https:\/\/turid.se\/wp-content\/uploads\/2022\/01\/1966-Till-Rors-om-Turid.pdf\" target=\"_blank\" rel=\"noopener\"><img loading=\"lazy\" decoding=\"async\" width=\"500\" height=\"710\" src=\"https:\/\/turid.se\/wp-content\/uploads\/2022\/01\/1966-Till-Rors-om-Turid.jpg\" alt=\"\" class=\"wp-image-492 size-full\" srcset=\"https:\/\/turid.se\/wp-content\/uploads\/2022\/01\/1966-Till-Rors-om-Turid.jpg 500w, https:\/\/turid.se\/wp-content\/uploads\/2022\/01\/1966-Till-Rors-om-Turid-211x300.jpg 211w\" sizes=\"auto, (max-width: 500px) 100vw, 500px\" \/><\/a><\/figure><\/div>\n\n\n\n<p>Tidplanen var pressad och snart gav man sig iv\u00e4g med kurs mot Trondheim n\u00e4rmare 300 distansminuter bort. F\u00f6rsta etappen gick rakt s\u00f6derut till Lur\u00f8y utanf\u00f6r Mo i Rana och sedan vidare fr\u00e5n hamn till hamn efter kusten.<\/p>\n\n\n\n<p>I Trondheim ansl\u00f6t Hans och Boos fruar och d\u00e4r b\u00f6rjade ocks\u00e5 problemen. Efter br\u00e4nslestopp skulle motorn startas men startf\u00f6rloppet blev explosionsartat och Turid sprang l\u00e4ck.<\/p>\n\n\n\n<p>B\u00e5ten bogserades till en sandstrand d\u00e4r den drogs p\u00e5 grund med en lastbil. N\u00e4r det blev ebb och vattnet dragit sig undan t\u00e4tades l\u00e4ckan och sedan var det bara att v\u00e4nta p\u00e5 flod f\u00f6r att f\u00f6rs\u00f6ka komma loss igen. Det kr\u00e4vdes ett par f\u00f6rs\u00f6k f\u00f6r att lyckas. Hon tycktes vara helt t\u00e4t och man styrde ut p\u00e5 Trondheimsfjorden men efter en halvtimme l\u00e4ckte hon s\u00e5 att det inte fanns n\u00e5got annat alternativ \u00e4n att v\u00e4nta tillbaka upp mot stranden. Denna g\u00e5ng gick det b\u00e4ttre med t\u00e4tningen och det bar \u00e5ter av s\u00f6derut.<\/p>\n\n\n\n<p>Resan gick vidare runt Vestlandet med sm\u00e4rre miss\u00f6den som spridarhaveri utanf\u00f6r Haugesund och allt s\u00e4mre v\u00e4der. Efter att ha genat fr\u00e5n Kristiansand f\u00f6rbi Skagen surfade Turid p\u00e5 v\u00e5gtopparna i kuling in mot G\u00f6teborg och f\u00f6rtullning.<\/p>\n\n\n\n<p>F\u00e4rden fortsatte genom G\u00f6ta \u00e4lv, G\u00f6ta kanal och m\u00e5let i Stockholm n\u00e5ddes p\u00e5 sista semesterdagen.<\/p>\n\n\n\n<h2 class=\"wp-block-heading\" id=\"kungligt-besok\">Kungligt bes\u00f6k<\/h2>\n\n\n\n<p>Detta var sommaren innan Turid \u00e5r 1966 kom till oss. Vad som h\u00e4nde d\u00e4remellan vet jag inte mycket om, mer \u00e4n att det var celebert bes\u00f6k ombord vid \u00e5tminstone ett tillf\u00e4lle; h\u00e4r st\u00e5r en mycket ung kronprins Carl Gustaf till rors (future King of Sweden Carl XVI Gustaf).<\/p>\n\n\n\n<figure class=\"wp-block-gallery has-nested-images columns-default is-cropped wp-block-gallery-2 is-layout-flex wp-block-gallery-is-layout-flex\">\n<figure class=\"wp-block-image size-large\"><a href=\"https:\/\/turid.se\/wp-content\/uploads\/2022\/01\/Kronprins_Carl_Gustaf_Turid_foto_Hans_Blad-_16_9.jpg\"><img loading=\"lazy\" decoding=\"async\" width=\"1024\" height=\"576\" data-id=\"525\" src=\"https:\/\/turid.se\/wp-content\/uploads\/2022\/01\/Kronprins_Carl_Gustaf_Turid_foto_Hans_Blad-_16_9-1024x576.jpg\" alt=\"\" class=\"wp-image-525\" srcset=\"https:\/\/turid.se\/wp-content\/uploads\/2022\/01\/Kronprins_Carl_Gustaf_Turid_foto_Hans_Blad-_16_9-1024x576.jpg 1024w, https:\/\/turid.se\/wp-content\/uploads\/2022\/01\/Kronprins_Carl_Gustaf_Turid_foto_Hans_Blad-_16_9-300x169.jpg 300w, https:\/\/turid.se\/wp-content\/uploads\/2022\/01\/Kronprins_Carl_Gustaf_Turid_foto_Hans_Blad-_16_9-768x432.jpg 768w, https:\/\/turid.se\/wp-content\/uploads\/2022\/01\/Kronprins_Carl_Gustaf_Turid_foto_Hans_Blad-_16_9-1536x864.jpg 1536w, https:\/\/turid.se\/wp-content\/uploads\/2022\/01\/Kronprins_Carl_Gustaf_Turid_foto_Hans_Blad-_16_9-1568x882.jpg 1568w, https:\/\/turid.se\/wp-content\/uploads\/2022\/01\/Kronprins_Carl_Gustaf_Turid_foto_Hans_Blad-_16_9.jpg 1920w\" sizes=\"auto, (max-width: 1024px) 100vw, 1024px\" \/><\/a><figcaption class=\"wp-element-caption\">Kronprins Carl Gustaf till rors p\u00e5 Turid &#8211; foto: Hans Blad<\/figcaption><\/figure>\n<\/figure>\n\n\n\n<div class=\"wp-block-columns is-layout-flex wp-container-core-columns-is-layout-d0b3c9c8 wp-block-columns-is-layout-flex\">\n<div class=\"wp-block-column is-layout-flow wp-block-column-is-layout-flow\"><\/div>\n<\/div>\n\n\n\n<p><\/p>\n","protected":false},"excerpt":{"rendered":"<p>Jakob: Turid hette den norska fiskeb\u00e5t vi hade n\u00e4r jag var barn. Hon kom fr\u00e5n R\u00f8st, den yttersta \u00f6n i Lofoten i Nordnorge. Tv\u00e5 unga flygl\u00f6jtnanter Hans Bladh och Boo Eriksson fick id\u00e9n att k\u00f6pa b\u00e5t i Norge och ta den till Stockholm f\u00f6r kommande sommarsemestrar. \u00c4ventyret beskrevs 1966 i en artikelserie i Till Rors&hellip; <a class=\"more-link\" href=\"https:\/\/turid.se\/sv\/2022\/01\/29\/turid-hamtas-norge\/\">Forts\u00e4tt l\u00e4sa <span class=\"screen-reader-text\">N\u00e4r f\u00f6rsta Turid h\u00e4mtades i Norge<\/span><\/a><\/p>\n","protected":false},"author":3,"featured_media":525,"comment_status":"open","ping_status":"open","sticky":false,"template":"","format":"standard","meta":{"cybocfi_hide_featured_image":"yes","_jetpack_memberships_contains_paid_content":false,"footnotes":"","jetpack_publicize_message":"","jetpack_publicize_feature_enabled":true,"jetpack_social_post_already_shared":false,"jetpack_social_options":{"image_generator_settings":{"template":"highway","default_image_id":0,"font":"","enabled":false},"version":2}},"categories":[31,81],"tags":[25],"class_list":["post-205","post","type-post","status-publish","format-standard","has-post-thumbnail","hentry","category-bat","category-turid","tag-turid-den-forsta","entry"],"jetpack_publicize_connections":[],"jetpack_featured_media_url":"https:\/\/turid.se\/wp-content\/uploads\/2022\/01\/Kronprins_Carl_Gustaf_Turid_foto_Hans_Blad-_16_9.jpg","jetpack_sharing_enabled":true,"rttpg_featured_image_url":{"full":["https:\/\/turid.se\/wp-content\/uploads\/2022\/01\/Kronprins_Carl_Gustaf_Turid_foto_Hans_Blad-_16_9.jpg",1920,1080,false],"landscape":["https:\/\/turid.se\/wp-content\/uploads\/2022\/01\/Kronprins_Carl_Gustaf_Turid_foto_Hans_Blad-_16_9.jpg",1920,1080,false],"portraits":["https:\/\/turid.se\/wp-content\/uploads\/2022\/01\/Kronprins_Carl_Gustaf_Turid_foto_Hans_Blad-_16_9.jpg",1920,1080,false],"thumbnail":["https:\/\/turid.se\/wp-content\/uploads\/2022\/01\/Kronprins_Carl_Gustaf_Turid_foto_Hans_Blad-_16_9-150x150.jpg",150,150,true],"medium":["https:\/\/turid.se\/wp-content\/uploads\/2022\/01\/Kronprins_Carl_Gustaf_Turid_foto_Hans_Blad-_16_9-300x169.jpg",300,169,true],"large":["https:\/\/turid.se\/wp-content\/uploads\/2022\/01\/Kronprins_Carl_Gustaf_Turid_foto_Hans_Blad-_16_9-1024x576.jpg",1000,563,true],"1536x1536":["https:\/\/turid.se\/wp-content\/uploads\/2022\/01\/Kronprins_Carl_Gustaf_Turid_foto_Hans_Blad-_16_9-1536x864.jpg",1536,864,true],"2048x2048":["https:\/\/turid.se\/wp-content\/uploads\/2022\/01\/Kronprins_Carl_Gustaf_Turid_foto_Hans_Blad-_16_9.jpg",1920,1080,false],"trp-custom-language-flag":["https:\/\/turid.se\/wp-content\/uploads\/2022\/01\/Kronprins_Carl_Gustaf_Turid_foto_Hans_Blad-_16_9.jpg",18,10,false],"post-thumbnail":["https:\/\/turid.se\/wp-content\/uploads\/2022\/01\/Kronprins_Carl_Gustaf_Turid_foto_Hans_Blad-_16_9-1568x882.jpg",1568,882,true]},"rttpg_author":{"display_name":"Jakob Norstedt","author_link":"https:\/\/turid.se\/sv\/author\/jakob\/"},"rttpg_comment":0,"rttpg_category":"<a href=\"https:\/\/turid.se\/sv\/kat\/bat\/\" rel=\"category tag\">B\u00e5t<\/a> <a href=\"https:\/\/turid.se\/sv\/kat\/bat\/turid\/\" rel=\"category tag\">Turid<\/a>","rttpg_excerpt":"Jakob: Turid hette den norska fiskeb\u00e5t vi hade n\u00e4r jag var barn. Hon kom fr\u00e5n R\u00f8st, den yttersta \u00f6n i Lofoten i Nordnorge. Tv\u00e5 unga flygl\u00f6jtnanter Hans Bladh och Boo Eriksson fick id\u00e9n att k\u00f6pa b\u00e5t i Norge och ta den till Stockholm f\u00f6r kommande sommarsemestrar. \u00c4ventyret beskrevs 1966 i en artikelserie i Till Rors&hellip;&hellip;","_links":{"self":[{"href":"https:\/\/turid.se\/sv\/wp-json\/wp\/v2\/posts\/205","targetHints":{"allow":["GET"]}}],"collection":[{"href":"https:\/\/turid.se\/sv\/wp-json\/wp\/v2\/posts"}],"about":[{"href":"https:\/\/turid.se\/sv\/wp-json\/wp\/v2\/types\/post"}],"author":[{"embeddable":true,"href":"https:\/\/turid.se\/sv\/wp-json\/wp\/v2\/users\/3"}],"replies":[{"embeddable":true,"href":"https:\/\/turid.se\/sv\/wp-json\/wp\/v2\/comments?post=205"}],"version-history":[{"count":41,"href":"https:\/\/turid.se\/sv\/wp-json\/wp\/v2\/posts\/205\/revisions"}],"predecessor-version":[{"id":2185,"href":"https:\/\/turid.se\/sv\/wp-json\/wp\/v2\/posts\/205\/revisions\/2185"}],"wp:featuredmedia":[{"embeddable":true,"href":"https:\/\/turid.se\/sv\/wp-json\/wp\/v2\/media\/525"}],"wp:attachment":[{"href":"https:\/\/turid.se\/sv\/wp-json\/wp\/v2\/media?parent=205"}],"wp:term":[{"taxonomy":"category","embeddable":true,"href":"https:\/\/turid.se\/sv\/wp-json\/wp\/v2\/categories?post=205"},{"taxonomy":"post_tag","embeddable":true,"href":"https:\/\/turid.se\/sv\/wp-json\/wp\/v2\/tags?post=205"}],"curies":[{"name":"wp","href":"https:\/\/api.w.org\/{rel}","templated":true}]}}