{"id":2140,"date":"2023-12-22T18:06:24","date_gmt":"2023-12-22T17:06:24","guid":{"rendered":"https:\/\/turid.se\/?p=2140"},"modified":"2024-03-26T20:22:01","modified_gmt":"2024-03-26T19:22:01","slug":"nar-turid-kom-till-familjen","status":"publish","type":"post","link":"https:\/\/turid.se\/sv\/2023\/12\/22\/nar-turid-kom-till-familjen\/","title":{"rendered":"N\u00e4r Turid kom till familjen 1966"},"content":{"rendered":"\n<h3 class=\"wp-block-heading\">\u2013 ber\u00e4ttat f\u00f6r bandspelaren 1967-01-06<\/h3>\n\n\n\n<p>Turid fr\u00e5n Lofoten var den b\u00e5t vi hade n\u00e4r jag, Jakob, var barn. H\u00e4r \u00e4r historien om hur den k\u00f6ptes och kom till familjen.<\/p>\n\n\n\n<p>Foto: Staffan Norstedt<\/p>\n\n\n\n<h4 class=\"wp-block-heading\"><strong>Personer:<\/strong><\/h4>\n\n\n\n<ul class=\"wp-block-list\">\n<li>Pappa Staffan<\/li>\n\n\n\n<li>Mamma Berit<\/li>\n\n\n\n<li>Jakob, fem \u00e5r gammal.<\/li>\n<\/ul>\n\n\n\n<hr class=\"wp-block-separator has-alpha-channel-opacity\"\/>\n\n\n\n<h2 class=\"wp-block-heading\">K\u00f6pet<\/h2>\n\n\n\n<figure class=\"wp-block-gallery has-nested-images columns-2 wp-block-gallery-1 is-layout-flex wp-block-gallery-is-layout-flex\">\n<figure class=\"wp-block-image size-large\"><a href=\"https:\/\/turid.se\/wp-content\/uploads\/2023\/12\/66_Turid-i-Appelviken2.jpg\"><img loading=\"lazy\" decoding=\"async\" width=\"1024\" height=\"596\" data-id=\"2155\" src=\"https:\/\/turid.se\/wp-content\/uploads\/2023\/12\/66_Turid-i-Appelviken2-1024x596.jpg\" alt=\"\" class=\"wp-image-2155\" srcset=\"https:\/\/turid.se\/wp-content\/uploads\/2023\/12\/66_Turid-i-Appelviken2-1024x596.jpg 1024w, https:\/\/turid.se\/wp-content\/uploads\/2023\/12\/66_Turid-i-Appelviken2-300x175.jpg 300w, https:\/\/turid.se\/wp-content\/uploads\/2023\/12\/66_Turid-i-Appelviken2-768x447.jpg 768w, https:\/\/turid.se\/wp-content\/uploads\/2023\/12\/66_Turid-i-Appelviken2-1536x894.jpg 1536w, https:\/\/turid.se\/wp-content\/uploads\/2023\/12\/66_Turid-i-Appelviken2-18x10.jpg 18w, https:\/\/turid.se\/wp-content\/uploads\/2023\/12\/66_Turid-i-Appelviken2-1568x912.jpg 1568w, https:\/\/turid.se\/wp-content\/uploads\/2023\/12\/66_Turid-i-Appelviken2.jpg 1772w\" sizes=\"auto, (max-width: 1024px) 100vw, 1024px\" \/><\/a><figcaption class=\"wp-element-caption\">Turid i \u00c4ppelviken, Stockholm<\/figcaption><\/figure>\n<\/figure>\n\n\n\n<p><strong>Staffan:<\/strong><br>&#8211; Vi var i Stockholm i b\u00f6rjan av sommaren 1966 och d\u00e5 b\u00f6rjade v\u00e5ra planer ta form. Berit och jag vandrade runt r\u00e4tt mycket efter kajerna i Stockholm och speciellt efter Strandv\u00e4gen och tittade p\u00e5 alla de hundratals b\u00e5tar som l\u00e5g f\u00f6rt\u00f6jda d\u00e4r.<\/p>\n\n\n\n<p><strong>Berit:<\/strong><br>&#8211; Vi hade ju ganska best\u00e4mda \u00f6nskem\u00e5l; det skulle inte vara en liten b\u00e5t utan en fiskeb\u00e5t eller s\u00e5 som vi skulle ha. Men inte alltf\u00f6r stor fick den vara heller. Vi s\u00e5g m\u00e5nga stora skutor men en stor skuta \u00e4r inte till f\u00f6r s\u00e5 liten bes\u00e4ttning som v\u00e5r.<\/p>\n\n\n\n<p><strong>Staffan:<\/strong><br>&#8211; Men vi s\u00e5g i alla fall en skuta fr\u00e5n Lofoten som s\u00e5g v\u00e4ldigt lockande ut. Vi tog kontakt med \u00e4garen men tittade v\u00e4l inte s\u00e5 mycket p\u00e5 den.<\/p>\n\n\n\n<p>S\u00e5 sm\u00e5ningom fick vi i alla fall se en annons i Dagens Nyheter och den annonsen, den talade om att det fanns en Lofotenskuta p\u00e5 tio meter till salu i Stockholm.<\/p>\n\n\n\n<p>Vi skrev s\u00e5 sm\u00e5ningom ett brev till den som annonserade och s\u00e5 fick vi lite n\u00e4rmare upplysningar:<br>I brevet stod det att b\u00e5ten var k\u00f6pt i R\u00f8st i Lofoten f\u00f6rra \u00e5ret och det var tv\u00e5 flygare, Bosse Eriksson och Hans Bladh, som hade k\u00f6pt b\u00e5ten d\u00e4r uppe v\u00e5ren eller sommaren 1965.<\/p>\n\n\n\n<p>De hade sedan gjort en semesterresa fr\u00e5n R\u00f8st efter norska kusten och genom G\u00f6ta kanal upp till Stockholm (<a href=\"https:\/\/turid.se\/2022\/01\/29\/turid-hamtas-norge\/\" data-type=\"post\" data-id=\"205\"><em>L\u00e4s om n\u00e4r Turid h\u00e4mtades i Norge<\/em><\/a>). Sen hade b\u00e5ten f\u00e5tt ligga i Stockholm \u00f6ver vintern och nu l\u00e5g den allts\u00e5 i somras 1966 f\u00f6rt\u00f6jd i \u00c4ppelviken i Stockholm.<\/p>\n\n\n\n<p><strong>Berit:<\/strong><br>&#8211; Men du Staffan arbetade ju p\u00e5 \u00d6A hela juli m\u00e5nad s\u00e5 inte f\u00f6rr\u00e4n i b\u00f6rjan av augusti kunde vi ge oss av ner till Stockholm och titta p\u00e5 den d\u00e4r b\u00e5ten som vi var ganska intresserade av.<\/p>\n\n\n\n<p>Vi \u00e5kte\u2026 Ja, n\u00e4r \u00e5kte vi? Den 5 augusti var det best\u00e4mt. Och vi r\u00e5kade f\u00e5 hotellrum alldeles intill d\u00e4r b\u00e5ten l\u00e5g i \u00c4ppelviken. Jag minns att Staffan gav sig ut i arla morgonstunden dagen efter att vi hade kommit fram och letade sig fram till b\u00e5ten, han verkade ganska intresserad. Vi tog kontakt med en s\u00e5 kallad expert ocks\u00e5, en varvs\u00e4gare, som lovade att komma in och titta p\u00e5 b\u00e5ten.<\/p>\n\n\n\n<p>Vi hade v\u00e4l avtalat m\u00f6te den 6 augusti med de h\u00e4r flygarna, eller hur?<\/p>\n\n\n\n<figure class=\"wp-block-gallery has-nested-images columns-default is-cropped wp-block-gallery-2 is-layout-flex wp-block-gallery-is-layout-flex\">\n<figure class=\"wp-block-image size-large\"><a href=\"https:\/\/turid.se\/wp-content\/uploads\/2023\/12\/66_Turid-i-Appelviken1.jpg\"><img loading=\"lazy\" decoding=\"async\" width=\"1024\" height=\"975\" data-id=\"2154\" src=\"https:\/\/turid.se\/wp-content\/uploads\/2023\/12\/66_Turid-i-Appelviken1-1024x975.jpg\" alt=\"\" class=\"wp-image-2154\" srcset=\"https:\/\/turid.se\/wp-content\/uploads\/2023\/12\/66_Turid-i-Appelviken1-1024x975.jpg 1024w, https:\/\/turid.se\/wp-content\/uploads\/2023\/12\/66_Turid-i-Appelviken1-300x286.jpg 300w, https:\/\/turid.se\/wp-content\/uploads\/2023\/12\/66_Turid-i-Appelviken1-768x731.jpg 768w, https:\/\/turid.se\/wp-content\/uploads\/2023\/12\/66_Turid-i-Appelviken1-13x12.jpg 13w, https:\/\/turid.se\/wp-content\/uploads\/2023\/12\/66_Turid-i-Appelviken1.jpg 1535w\" sizes=\"auto, (max-width: 1024px) 100vw, 1024px\" \/><\/a><figcaption class=\"wp-element-caption\">Berit och flygarna ombord p\u00e5 Turid<\/figcaption><\/figure>\n<\/figure>\n\n\n\n<p><strong>Staffan:<\/strong><br>&#8211; Ja, det st\u00e4mmer det. N\u00e4r d\u00e5 Berit och jag gick mot \u00c4ppelviken s\u00e5 h\u00f6rde vi mycket ljudligt st\u00e5nkande fr\u00e5n en stor kult\u00e4ndare mitt ute p\u00e5 \u00c4ppelviken och vi s\u00e5g mycket snart att de b\u00e5da flygarna var d\u00e4r ute och hade sv\u00e5ra f\u00f6rs\u00f6k att f\u00e5 ig\u00e5ng motorn p\u00e5 b\u00e5ten Turid. Jag tror inte de lyckades s\u00e4rskilt bra. Men vi tog oss i alla fall ut till b\u00e5ten.<\/p>\n\n\n\n<p>De rodde iland och h\u00e4mtade oss och s\u00e5 tittade vi p\u00e5 den och vi tyckte den var mycket fin. Och det var den. Storleken var precis som vi ville ha den. Vi b\u00f6rjade ocks\u00e5 g\u00f6ra en del f\u00f6rhandlingar om priset och de hade beg\u00e4rt 14 000 kr f\u00f6r b\u00e5ten och det dr\u00f6jde inte s\u00e5 l\u00e4nge f\u00f6rr\u00e4n vi hade kommit \u00f6verens om att 11 000 kr skulle vara ett lagom pris f\u00f6r v\u00e5r del. Det var ungef\u00e4r vad vi ber\u00e4knade att kunna betala inom n\u00e5gon m\u00e5nad.<\/p>\n\n\n\n<p>S\u00e5 \u00e5kte vi i alla fall hem fr\u00e5n Stockholm sedan b\u00e5texperten Lind hade tittat p\u00e5 b\u00e5ten och han hade ju bara positiva saker att s\u00e4ga om den.<\/p>\n\n\n\n<p><strong>Berit:<\/strong><br>&#8211; Han tyckte att det skulle vara ett bra pris det d\u00e4r ocks\u00e5 f\u00f6r en s\u00e5dan b\u00e5t, eller hur?<\/p>\n\n\n\n<p><strong>Staffan:<\/strong><br>&#8211; Ja. Han hade dessutom en hel del goda r\u00e5d att ge oss.<br>Han tyckte inte att vi skulle arbeta ihj\u00e4l oss p\u00e5 b\u00e5ten f\u00f6r det f\u00f6rsta, utan f\u00f6rs\u00f6ka att beh\u00e5lla den s\u00e5 mycket som m\u00f6jligt i det ursprungliga utseendet.<br>Och det var ju ocks\u00e5 ungef\u00e4r vad vi sj\u00e4lv hade t\u00e4nkt oss.<\/p>\n\n\n\n<p><strong>Berit:<\/strong><br>&#8211; Ja, fast fullt s\u00e5 f\u00f6rsiktiga som de h\u00e4r flygarna ville vi nog inte vara.<\/p>\n\n\n\n<p>De hade ju inte gjort n\u00e5gonting \u00e5t b\u00e5ten \u00e4n, men om de skulle ha beh\u00e5llit den s\u00e5 t\u00e4nkte de ju inte bygga om den. Vad var det de hade f\u00f6r planer? \u00d6ppna lastrummet?<\/p>\n\n\n\n<p><strong>Staffan:<\/strong><br>&#8211; Ja, b\u00e5ten var ju gjord s\u00e5 att i f\u00f6ren s\u00e5 fanns det en skans eller en kajuta d\u00e4r bes\u00e4ttningen hade bott en g\u00e5ng i tiden under under fisketurerna utanf\u00f6r Lofoten. Och i mitten s\u00e5 var det ett stort lastrum d\u00e4r man hade f\u00f6rvarat fisk. I aktern s\u00e5 fanns det en styrhytt och under styrhytten var maskinrummet d\u00e4r en 16 h\u00e4stars t\u00e4ndkulemotor av m\u00e4rket Wichmann regerade.<\/p>\n\n\n\n<p><strong>Berit:<\/strong><br>&#8211; Ja, hur hade de t\u00e4nkt \u00e4ndra den?<\/p>\n\n\n\n<p><strong>Staffan:<\/strong><br>&#8211; De hade bara t\u00e4nkt \u00e4ndra den s\u00e5 att de skulle ha ett segeldukstak \u00f6ver lastrummet och s\u00e5 skulle man kunna sitta d\u00e4r nere i den \u00f6ppna salongen under vackra dagar. Men vi som vet hur somrarna \u00e4r h\u00e4r uppe i Norrland, vi visste ju att det knappast var n\u00e5gon l\u00e4mplig l\u00f6sning f\u00f6r v\u00e5r del, utan vi r\u00e4knade med att bygga om lastrummet till en salong som skulle kunna uppv\u00e4rms till en dr\u00e4glig temperatur s\u00e5 att vi skulle kunna ha en sk\u00f6n flytande sommarstuga under kommande somrar.<\/p>\n\n\n\n<p><strong>Berit:<\/strong><br>&#8211; Ett problem var ju hur vi skulle kunna f\u00e5 upp b\u00e5ten, eller hur?<\/p>\n\n\n\n<p><strong>Staffan:<\/strong><br>&#8211; Upp till \u00d6rnsk\u00f6ldsvik, ja. D\u00e4r tyckte jag att jag gjorde ett smart drag. Jag lyckades \u00f6vertala flygarna att de skulle hj\u00e4lpa oss upp med b\u00e5ten till \u00d6rnsk\u00f6ldsvik och att det skulle ing\u00e5 i k\u00f6peavtalet.<\/p>\n\n\n\n<p><strong>Berit:<\/strong><br>&#8211; Du var v\u00e4l lite r\u00e4dd att s\u00e4tta starta resan ensamma?<\/p>\n\n\n\n<p><strong>Staffan:<\/strong><br>&#8211; Ja, det har ju varit helt om\u00f6jligt. En b\u00e5t som v\u00e4ger 15-20 ton och \u00e4r tio meter l\u00e5ng och fyra meter bred och djupg\u00e5ende 1,6 meter. Den kan man ju inte man\u00f6vrera ensam, speciellt med den motor som fanns i. S\u00e5 det var ju ett villkor f\u00f6r att vi skulle kunna k\u00f6pa b\u00e5ten var att vi fick hj\u00e4lp med att<br>f\u00e5 upp den till \u00d6rnsk\u00f6ldsvik.<\/p>\n\n\n\n<p><strong>Berit:<\/strong><br>&#8211; Och det gick ju att ordna allts\u00e5.<\/p>\n\n\n\n<h2 class=\"wp-block-heading\">Att f\u00e5 hem Turid<\/h2>\n\n\n\n<p><strong>Staffan:<\/strong><br>&#8211; I mitten av augusti, en vecka f\u00f6re skolan skulle b\u00f6rja, s\u00e5 reste jag ensam ner till Stockholm. Den 18 augusti s\u00e5 provianterade jag ute i \u00c4ppelviken i en st\u00f6rre speceributik och gjorde klart de livsmedel som vi beh\u00f6vde f\u00f6r en kanske en veckas resa fr\u00e5n Stockholm till \u00d6rnsk\u00f6ldsvik. Vi r\u00e4knade med att b\u00e5ten skulle beh\u00f6va vara ig\u00e5ng ungef\u00e4r 50 60 timmar och det skulle vara ungef\u00e4r 350 sj\u00f6mil fr\u00e5n Stockholm till \u00d6rnsk\u00f6ldsvik.<\/p>\n\n\n\n<p>P\u00e5 kv\u00e4llen den 18 augusti startade vi resan och den 19 augusti, efter att ha g\u00e5tt hela natten f\u00f6rbi Vaxholm och upp efter kusten s\u00e5 ankom vi till \u00d6regrund.<\/p>\n\n\n\n<p><strong>Berit:<\/strong><br>&#8211; Och du ringde hem och l\u00e4t mycket missmodig och sa att\u2026 Ja, du var r\u00e4tt besviken p\u00e5 motorn och s\u00e5 d\u00e4r. Du tyckte att det var nog mycket omst\u00e4ndligare att ta hand om den \u00e4n du n\u00e5gonsin hade kunnat t\u00e4nka dig. Jag blev inte s\u00e5 uppmuntrad precis av den rapporten.<\/p>\n\n\n\n<p><strong>Staffan:<\/strong><br>&#8211; Jag var ju v\u00e4ldigt tr\u00f6tt. Vi hade ju startat resan fr\u00e5n Stockholm klockan 20 kv\u00e4llen f\u00f6re, s\u00e5 jag hade varit ig\u00e5ng till klockan tolv dagen d\u00e4rp\u00e5. Jag hade ju inte sovit n\u00e5gonting s\u00e5 det var inte s\u00e5 konstigt att vara lite missmodig n\u00e4r man m\u00e4rkte att det beh\u00f6vdes tre man f\u00f6r att sk\u00f6ta b\u00e5ten.<\/p>\n\n\n\n<p>I varje fall s\u00e5 gick vi fr\u00e5n \u00d6regrund samma dag, den 19 augusti, och fortsatte norrut efter kusten. Och s\u00e5 gick vi d\u00e5 en natt till och kom fram till H\u00e4rn\u00f6sand p\u00e5 l\u00f6rdag kv\u00e4ll.<\/p>\n\n\n\n<p>Vi hade gjort en mycket snabb resa och vi var mycket stolta \u00f6ver att vi hade kommit fram till H\u00e4rn\u00f6sand s\u00e5 tidigt och t\u00e4nkte d\u00e5 ringa hem till v\u00e5ra anf\u00f6rvanter och g\u00f6ra dem lite f\u00f6rv\u00e5nade \u00f6ver den m\u00e4rkliga resan. I varje fall s\u00e5 kan man ju inte bara vara glad h\u00e4r i livet.<\/p>\n\n\n\n<p>N\u00e4r vi kom fram till H\u00e4rn\u00f6sand s\u00e5 hade vi ju r\u00e4knat med att kunna passera f\u00f6rbi de tv\u00e5 broarna som fanns inne i inre hamnen och s\u00e5 passera norrut dagen d\u00e4rp\u00e5. Nu gick det d\u00e4r inte s\u00e5 enkelt som vi trodde. Inre hamnen var v\u00e4ldigt grund och vi gick mycket snart p\u00e5 grund ocks\u00e5 eftersom sj\u00f6kort och<br>verklighet inte st\u00e4mde s\u00e5 bra. Under v\u00e5ra f\u00f6rs\u00f6k att ta oss loss fr\u00e5n grundet i lerbankarna i inre hamnen s\u00e5 fick vi hj\u00e4lp av kustartillerister och det bar sig inte b\u00e4ttre \u00e4n att en stock virvlade upp fr\u00e5n botten och gick in i propellern. Och s\u00e5 var det inte mycket mer att g\u00f6ra den dagen.<\/p>\n\n\n\n<p>I varje fall kom vi loss ifr\u00e5n grundet och f\u00f6rt\u00f6jde i n\u00e4rheten av en timmerl\u00e4ns och tog det lugnt. Vi sov ut \u00f6ver natten och inspekterade propellern dagen d\u00e4rp\u00e5, p\u00e5 s\u00f6ndag morgon, och det var ingen gl\u00e4djefull uppt\u00e4ckt n\u00e4r viq uppt\u00e4ckte att propellerbladen s\u00e5g ut som spagetti, som Bosse Eriksson sa efter den f\u00f6rsta inspektionen.<\/p>\n\n\n\n<figure class=\"wp-block-gallery has-nested-images columns-default is-cropped wp-block-gallery-3 is-layout-flex wp-block-gallery-is-layout-flex\">\n<figure class=\"wp-block-image size-large\"><a href=\"https:\/\/turid.se\/wp-content\/uploads\/2023\/12\/66_Turid-i-Harnosand6.jpg\"><img loading=\"lazy\" decoding=\"async\" width=\"1024\" height=\"725\" data-id=\"2153\" src=\"https:\/\/turid.se\/wp-content\/uploads\/2023\/12\/66_Turid-i-Harnosand6-1024x725.jpg\" alt=\"\" class=\"wp-image-2153\" srcset=\"https:\/\/turid.se\/wp-content\/uploads\/2023\/12\/66_Turid-i-Harnosand6-1024x725.jpg 1024w, https:\/\/turid.se\/wp-content\/uploads\/2023\/12\/66_Turid-i-Harnosand6-300x212.jpg 300w, https:\/\/turid.se\/wp-content\/uploads\/2023\/12\/66_Turid-i-Harnosand6-768x544.jpg 768w, https:\/\/turid.se\/wp-content\/uploads\/2023\/12\/66_Turid-i-Harnosand6-18x12.jpg 18w, https:\/\/turid.se\/wp-content\/uploads\/2023\/12\/66_Turid-i-Harnosand6.jpg 1535w\" sizes=\"auto, (max-width: 1024px) 100vw, 1024px\" \/><\/a><figcaption class=\"wp-element-caption\">Turid f\u00e5r hj\u00e4lp med propellern av KA5 i H\u00e4rn\u00f6sand<\/figcaption><\/figure>\n<\/figure>\n\n\n\n<p>Nu hade vi ju ganska ont om tid s\u00e5 g\u00e4llde det att skynda p\u00e5 om vi skulle komma upp till \u00d6rnsk\u00f6ldsvik innan de b\u00e5da flygarna skulle b\u00f6rja sin tj\u00e4nstg\u00f6ring igen. S\u00e5 p\u00e5 s\u00f6ndagen den 21 augusti s\u00e5 tog vi kontakt med KA5:s varv och de s\u00e5gade av propellerbladspetsarna s\u00e5 att vi kunde forts\u00e4tta upp mot \u00d6rnsk\u00f6ldsvik.<\/p>\n\n\n\n<p>S\u00e5 m\u00e5ndagen 22 augusti s\u00e5 startade vi fr\u00e5n H\u00e4rn\u00f6sand och fortsatte i ett str\u00e4ck upp till \u00d6rnsk\u00f6ldsvik och det var en mycket ljuvlig resa.<\/p>\n\n\n\n<figure class=\"wp-block-gallery has-nested-images columns-2 is-cropped wp-block-gallery-4 is-layout-flex wp-block-gallery-is-layout-flex\">\n<figure class=\"wp-block-image size-large\"><a href=\"https:\/\/turid.se\/wp-content\/uploads\/2023\/12\/66_Turid_5.jpg\"><img loading=\"lazy\" decoding=\"async\" width=\"1024\" height=\"828\" data-id=\"2157\" src=\"https:\/\/turid.se\/wp-content\/uploads\/2023\/12\/66_Turid_5-1024x828.jpg\" alt=\"\" class=\"wp-image-2157\" srcset=\"https:\/\/turid.se\/wp-content\/uploads\/2023\/12\/66_Turid_5-1024x828.jpg 1024w, https:\/\/turid.se\/wp-content\/uploads\/2023\/12\/66_Turid_5-300x243.jpg 300w, https:\/\/turid.se\/wp-content\/uploads\/2023\/12\/66_Turid_5-768x621.jpg 768w, https:\/\/turid.se\/wp-content\/uploads\/2023\/12\/66_Turid_5-15x12.jpg 15w, https:\/\/turid.se\/wp-content\/uploads\/2023\/12\/66_Turid_5.jpg 1535w\" sizes=\"auto, (max-width: 1024px) 100vw, 1024px\" \/><\/a><\/figure>\n\n\n\n<figure class=\"wp-block-image size-large\"><a href=\"https:\/\/turid.se\/wp-content\/uploads\/2023\/12\/66_Turid-med-Bladh_4.jpg\"><img loading=\"lazy\" decoding=\"async\" width=\"1024\" height=\"659\" data-id=\"2156\" src=\"https:\/\/turid.se\/wp-content\/uploads\/2023\/12\/66_Turid-med-Bladh_4-1024x659.jpg\" alt=\"\" class=\"wp-image-2156\" srcset=\"https:\/\/turid.se\/wp-content\/uploads\/2023\/12\/66_Turid-med-Bladh_4-1024x659.jpg 1024w, https:\/\/turid.se\/wp-content\/uploads\/2023\/12\/66_Turid-med-Bladh_4-300x193.jpg 300w, https:\/\/turid.se\/wp-content\/uploads\/2023\/12\/66_Turid-med-Bladh_4-768x494.jpg 768w, https:\/\/turid.se\/wp-content\/uploads\/2023\/12\/66_Turid-med-Bladh_4-18x12.jpg 18w, https:\/\/turid.se\/wp-content\/uploads\/2023\/12\/66_Turid-med-Bladh_4.jpg 1535w\" sizes=\"auto, (max-width: 1024px) 100vw, 1024px\" \/><\/a><\/figure>\n\n\n\n<figure class=\"wp-block-image size-large\"><a href=\"https:\/\/turid.se\/wp-content\/uploads\/2023\/12\/66_7Turid-mot-Hogbonden3.jpg\"><img loading=\"lazy\" decoding=\"async\" width=\"1024\" height=\"676\" data-id=\"2150\" src=\"https:\/\/turid.se\/wp-content\/uploads\/2023\/12\/66_7Turid-mot-Hogbonden3-1024x676.jpg\" alt=\"\" class=\"wp-image-2150\" srcset=\"https:\/\/turid.se\/wp-content\/uploads\/2023\/12\/66_7Turid-mot-Hogbonden3-1024x676.jpg 1024w, https:\/\/turid.se\/wp-content\/uploads\/2023\/12\/66_7Turid-mot-Hogbonden3-300x198.jpg 300w, https:\/\/turid.se\/wp-content\/uploads\/2023\/12\/66_7Turid-mot-Hogbonden3-768x507.jpg 768w, https:\/\/turid.se\/wp-content\/uploads\/2023\/12\/66_7Turid-mot-Hogbonden3-1536x1014.jpg 1536w, https:\/\/turid.se\/wp-content\/uploads\/2023\/12\/66_7Turid-mot-Hogbonden3-18x12.jpg 18w, https:\/\/turid.se\/wp-content\/uploads\/2023\/12\/66_7Turid-mot-Hogbonden3-1568x1035.jpg 1568w, https:\/\/turid.se\/wp-content\/uploads\/2023\/12\/66_7Turid-mot-Hogbonden3.jpg 2008w\" sizes=\"auto, (max-width: 1024px) 100vw, 1024px\" \/><\/a><figcaption class=\"wp-element-caption\">Turid med kurs mot H\u00f6gbondens fyr<\/figcaption><\/figure>\n<\/figure>\n\n\n\n<p>Havet var alldeles stilla och fint och himlen var molnfri. Det m\u00e4rkliga var att vi faktiskt s\u00e5g tv\u00e5 stycken valar skymta p\u00e5 avst\u00e5nd l\u00e5ngt ute vid horisonten. Vi s\u00e5g tv\u00e5 ljusa fina \u00e5ngstr\u00e5lar svepa upp. Det var mycket m\u00e4rkligt.<\/p>\n\n\n\n<p>P\u00e5 kv\u00e4llen eller p\u00e5 eftermiddagen 22 augusti s\u00e5 n\u00e4rmar vi oss \u00d6rnsk\u00f6ldsvik och vi hade en mycket fin g\u00e5ngtid \u00e4ven d\u00e5.<\/p>\n\n\n\n<h2 class=\"wp-block-heading\">Hemkomsten<\/h2>\n\n\n\n<p><strong>Berit:<\/strong><br>&#8211; Ja, vi v\u00e4ntade er inte i f\u00f6rsta taget. Jag hade r\u00e4knat med att det skulle ta rundliga tid, Kanske att ni skulle komma vid \u00e5tta eller n\u00e5got s\u00e5nt d\u00e4r p\u00e5 kv\u00e4llen. Vi var ju ute p\u00e5 landet. Minns du hur det var, Jakob?<\/p>\n\n\n\n<p><strong>Staffan:<\/strong><br>&#8211; Ber\u00e4tta hur det var n\u00e4r du s\u00e5g Turid f\u00f6rsta g\u00e5ngen komma till \u00d6rnsk\u00f6ldsvik.<\/p>\n\n\n\n<p><strong>Jakob:<\/strong><br>&#8211; S\u00e5 fort jag hade kommit ur bilen s\u00e5 gick jag ner till bryggan och tittade efter och d\u00e5, d\u00e5 s\u00e5g jag en b\u00e5t komma och d\u00e5 kom mamma ner med kikaren och tittade och d\u00e5 var det Turid som kom.<\/p>\n\n\n\n<p><strong>Berit:<\/strong><br>&#8211; Ja, vi trodde dig inte n\u00e4r du sa att nu kommer Turid. Vi trodde inte att det var sant, f\u00f6r vi t\u00e4nkte att det skulle ta flera timmar till innan Turid skulle komma. Men det var Turid precis som du trodde.<\/p>\n\n\n\n<p><strong>Jakob:<\/strong><br>&#8211; Ja.<\/p>\n\n\n\n<p><strong>Berit:<\/strong><br>&#8211; Vad h\u00f6rde vi f\u00f6r n\u00e5got?<\/p>\n\n\n\n<p><strong>Jakob:<\/strong><br>&#8211; Ja, n\u00e4r jag stod d\u00e4r och den hade kommit lite n\u00e4rmare h\u00f6rde jag motorn.<\/p>\n\n\n\n<p><strong>Berit:<\/strong><br>&#8211; Ja, den levde v\u00e4l om?<\/p>\n\n\n\n<p><strong>Jakob:<\/strong><br>&#8211; Den l\u00e4t s\u00e5 h\u00e4r: Dunk, dunk, dunk, dunk, dunk, dunk. S\u00e5 l\u00e4t den. Ja, och sen innan det hade kommit n\u00e5gra mera m\u00e4nniskor ner p\u00e5 bryggan s\u00e5 \u00e5kte de runt n\u00e5gra varv.<\/p>\n\n\n\n<p><strong>Berit:<\/strong><br>&#8211; De hade v\u00e4ntat sig en stor v\u00e4lkomstkommitt\u00e9 tror jag. Men det var bara Jakob som stod och v\u00e4ntade f\u00f6rst.<\/p>\n\n\n\n<p>Ja, och sen t\u00e4nkte ni l\u00e4gga i land, Jakob kanske minns hur det var. Kunde de g\u00e5 in till bryggan?<\/p>\n\n\n\n<figure class=\"wp-block-gallery has-nested-images columns-default is-cropped wp-block-gallery-5 is-layout-flex wp-block-gallery-is-layout-flex\">\n<figure class=\"wp-block-image size-large\"><a href=\"https:\/\/turid.se\/wp-content\/uploads\/2023\/12\/031Pa-redden67.jpg\"><img loading=\"lazy\" decoding=\"async\" width=\"1024\" height=\"668\" data-id=\"2161\" src=\"https:\/\/turid.se\/wp-content\/uploads\/2023\/12\/031Pa-redden67-1024x668.jpg\" alt=\"\" class=\"wp-image-2161\" srcset=\"https:\/\/turid.se\/wp-content\/uploads\/2023\/12\/031Pa-redden67-1024x668.jpg 1024w, https:\/\/turid.se\/wp-content\/uploads\/2023\/12\/031Pa-redden67-300x196.jpg 300w, https:\/\/turid.se\/wp-content\/uploads\/2023\/12\/031Pa-redden67-768x501.jpg 768w, https:\/\/turid.se\/wp-content\/uploads\/2023\/12\/031Pa-redden67-1536x1002.jpg 1536w, https:\/\/turid.se\/wp-content\/uploads\/2023\/12\/031Pa-redden67-18x12.jpg 18w, https:\/\/turid.se\/wp-content\/uploads\/2023\/12\/031Pa-redden67.jpg 1563w\" sizes=\"auto, (max-width: 1024px) 100vw, 1024px\" \/><\/a><figcaption class=\"wp-element-caption\">Turid framme vid Norrg\u00e5rd, \u00d6rnsk\u00f6ldsvik<\/figcaption><\/figure>\n\n\n\n<figure class=\"wp-block-image size-large\"><a href=\"https:\/\/turid.se\/wp-content\/uploads\/2023\/12\/001Mot-Ovik1_66.jpg\"><img loading=\"lazy\" decoding=\"async\" width=\"1024\" height=\"702\" data-id=\"2160\" src=\"https:\/\/turid.se\/wp-content\/uploads\/2023\/12\/001Mot-Ovik1_66-1024x702.jpg\" alt=\"\" class=\"wp-image-2160\" srcset=\"https:\/\/turid.se\/wp-content\/uploads\/2023\/12\/001Mot-Ovik1_66-1024x702.jpg 1024w, https:\/\/turid.se\/wp-content\/uploads\/2023\/12\/001Mot-Ovik1_66-300x206.jpg 300w, https:\/\/turid.se\/wp-content\/uploads\/2023\/12\/001Mot-Ovik1_66-768x527.jpg 768w, https:\/\/turid.se\/wp-content\/uploads\/2023\/12\/001Mot-Ovik1_66-18x12.jpg 18w, https:\/\/turid.se\/wp-content\/uploads\/2023\/12\/001Mot-Ovik1_66.jpg 1535w\" sizes=\"auto, (max-width: 1024px) 100vw, 1024px\" \/><\/a><figcaption class=\"wp-element-caption\">Staffan till rors p\u00e5 Turid<\/figcaption><\/figure>\n<\/figure>\n\n\n\n<p><strong>Staffan:<\/strong><br>&#8211; Nej, det var f\u00f6r grunt. Var det inte s\u00e5?<\/p>\n\n\n\n<p><strong>Jakob:<\/strong><br>&#8211; Ja.<\/p>\n\n\n\n<p><strong>Staffan:<\/strong><br>&#8211; Hur gjorde vi d\u00e5 f\u00f6r att kunna stanna?<\/p>\n\n\n\n<p><strong>Jakob:<\/strong><br>&#8211; Dom ankrade ute i vattnet.<\/p>\n\n\n\n<p><strong>Berit:<\/strong><br>&#8211; Hur djupg\u00e5ende \u00e4r b\u00e5ten?<\/p>\n\n\n\n<p><strong>Staffan:<\/strong><br>&#8211; Det \u00e4r 1,6 meter vatten fordrar den f\u00f6r att kunna flyta. Och s\u00e5 mycket fanns det inte utanf\u00f6r bryggan i alla fall.<\/p>\n\n\n\n<h2 class=\"wp-block-heading\">H\u00f6sten 1966<\/h2>\n\n\n\n<p><strong>Staffan:<\/strong><br>&#8211; Under h\u00f6sten har vi satt ig\u00e5ng ombyggnaden av Turid. Vi har skrapat f\u00f6rd\u00e4cket och kajutans tak och vi har m\u00e5lat om f\u00f6rd\u00e4cket.<\/p>\n\n\n\n<p><strong>Berit:<\/strong><br>&#8211; Var har vi b\u00e5ten?<\/p>\n\n\n\n<p><strong>Staffan:<\/strong><br>&#8211; Ja, nu ligger den ju p\u00e5 kajen i \u00d6rnsk\u00f6ldsvik nedanf\u00f6r busstationen och det var ju en ganska m\u00e4rklig upplevelse att ta upp b\u00e5ten p\u00e5 kajen. Vi v\u00e5gade inte s\u00e4tta ig\u00e5ng Wichmann, den den gamla motorn.<\/p>\n\n\n\n<figure class=\"wp-block-gallery has-nested-images columns-2 wp-block-gallery-6 is-layout-flex wp-block-gallery-is-layout-flex\">\n<figure class=\"wp-block-image size-large\"><a href=\"https:\/\/turid.se\/wp-content\/uploads\/2023\/12\/66_Ragnar-Wallin9.jpg\"><img loading=\"lazy\" decoding=\"async\" width=\"742\" height=\"1024\" data-id=\"2152\" src=\"https:\/\/turid.se\/wp-content\/uploads\/2023\/12\/66_Ragnar-Wallin9-742x1024.jpg\" alt=\"\" class=\"wp-image-2152\" srcset=\"https:\/\/turid.se\/wp-content\/uploads\/2023\/12\/66_Ragnar-Wallin9-742x1024.jpg 742w, https:\/\/turid.se\/wp-content\/uploads\/2023\/12\/66_Ragnar-Wallin9-217x300.jpg 217w, https:\/\/turid.se\/wp-content\/uploads\/2023\/12\/66_Ragnar-Wallin9-768x1060.jpg 768w, https:\/\/turid.se\/wp-content\/uploads\/2023\/12\/66_Ragnar-Wallin9-9x12.jpg 9w, https:\/\/turid.se\/wp-content\/uploads\/2023\/12\/66_Ragnar-Wallin9.jpg 945w\" sizes=\"auto, (max-width: 742px) 100vw, 742px\" \/><\/a><figcaption class=\"wp-element-caption\">Ragnar Wallin efter bogseringen av Turid<\/figcaption><\/figure>\n\n\n\n<figure class=\"wp-block-image size-large\"><a href=\"https:\/\/turid.se\/wp-content\/uploads\/2023\/12\/66_Hostupptagning7.jpg\"><img loading=\"lazy\" decoding=\"async\" width=\"1024\" height=\"887\" data-id=\"2151\" src=\"https:\/\/turid.se\/wp-content\/uploads\/2023\/12\/66_Hostupptagning7-1024x887.jpg\" alt=\"\" class=\"wp-image-2151\" srcset=\"https:\/\/turid.se\/wp-content\/uploads\/2023\/12\/66_Hostupptagning7-1024x887.jpg 1024w, https:\/\/turid.se\/wp-content\/uploads\/2023\/12\/66_Hostupptagning7-300x260.jpg 300w, https:\/\/turid.se\/wp-content\/uploads\/2023\/12\/66_Hostupptagning7-768x665.jpg 768w, https:\/\/turid.se\/wp-content\/uploads\/2023\/12\/66_Hostupptagning7-14x12.jpg 14w, https:\/\/turid.se\/wp-content\/uploads\/2023\/12\/66_Hostupptagning7.jpg 1535w\" sizes=\"auto, (max-width: 1024px) 100vw, 1024px\" \/><\/a><figcaption class=\"wp-element-caption\">Turid lyfts upp p\u00e5 kajen i \u00d6rnsk\u00f6ldsvik<\/figcaption><\/figure>\n<\/figure>\n\n\n\n<p>R\u00e4ttare sagt s\u00e5 fick vi inte ig\u00e5ng den utan vi fick bogsering av Ragnar Wallin som tog oss p\u00e5 sl\u00e4p efter sin lilla motorb\u00e5t in till kajen i \u00d6rnsk\u00f6ldsvik den 1 eller 2 oktober. S\u00e5 tog stora kranen i \u00d6-vik upp oss i ett fint lyft och satte ner oss p\u00e5 kajen. Och d\u00e4r ligger den sedan flera m\u00e5nader tillbaks.<\/p>\n\n\n\n<p>Nu \u00e4r botten skrapad och Berit har gjort sitt f\u00f6r att impregnera b\u00e5ten och s\u00e5 mycket mer har det v\u00e4l inte blivit gjort om inte en liten otrevlig mellan episod intr\u00e4ffat.<\/p>\n\n\n\n<p><strong>Berit:<\/strong><br>&#8211; Menar du l\u00e4rarkonflikten?<\/p>\n\n\n\n<p><strong>Staffan:<\/strong><br>&#8211; Ja jag menar l\u00e4rarkonflikten.<\/p>\n\n\n\n<p><strong>Berit:<\/strong><br>&#8211; Ja, den kan vi v\u00e4l f\u00f6rbig\u00e5 med tystnad. Vi var ju arbetsl\u00f6sa ett par veckor h\u00e4r. Men du var inte riktigt arbetsl\u00f6s, du hade inget betalt arbete, men du hade ju b\u00e5ten som sagt att syssla med. Vad var det du gjorde d\u00e4r?<\/p>\n\n\n\n<p><strong>Staffan:<\/strong><br>&#8211; Ja, flera dagar s\u00e5 \u00e5kte jag ner till stan och satte ig\u00e5ng med demonteringen av herr Wichmann och med hj\u00e4lp av en del skrotexperter fr\u00e5n en skrotfirma i stan s\u00e5 lyckades vi sl\u00e5 och skruva den i bitar. Och nu finns det ingenting kvar av den stolta skapelsen. Alltsammans \u00e4r bortplockat och jag har f\u00f6rs\u00f6kt g\u00f6ra rent s\u00e5 gott det g\u00e5r i maskinrummet och f\u00f6rberett installationen av en ny motor som ska ske till v\u00e5ren.<\/p>\n\n\n\n<p>Berit och jag har ocks\u00e5 varit ner till Sundsvall och skrivit kontrakt p\u00e5 en Bolinder 40-h\u00e4stars motor och den ska installeras till v\u00e5ren i april eller maj m\u00e5nad. Och s\u00e5 r\u00e4knar vi med en lyckad sj\u00f6s\u00e4ttning i b\u00f6rjan av maj. Vad som sen ska h\u00e4nda, det bara dr\u00f6mmer vi om. Vi vet inte s\u00e5 mycket om det f\u00f6r n\u00e4rvarande i alla fall.<\/p>\n\n\n\n<p><strong>Berit:<\/strong><br>&#8211; Du har v\u00e4l vilda planer p\u00e5 ombyggnad i alla fall? Jag f\u00f6rs\u00f6ker ju lugna dig lite grann.<\/p>\n\n\n\n<figure class=\"wp-block-gallery has-nested-images columns-default is-cropped wp-block-gallery-7 is-layout-flex wp-block-gallery-is-layout-flex\">\n<figure class=\"wp-block-image size-large\"><a href=\"https:\/\/turid.se\/wp-content\/uploads\/2023\/12\/66_Vinterbild-med-isbrytar8.jpg\"><img loading=\"lazy\" decoding=\"async\" width=\"1024\" height=\"652\" data-id=\"2158\" src=\"https:\/\/turid.se\/wp-content\/uploads\/2023\/12\/66_Vinterbild-med-isbrytar8-1024x652.jpg\" alt=\"\" class=\"wp-image-2158\" srcset=\"https:\/\/turid.se\/wp-content\/uploads\/2023\/12\/66_Vinterbild-med-isbrytar8-1024x652.jpg 1024w, https:\/\/turid.se\/wp-content\/uploads\/2023\/12\/66_Vinterbild-med-isbrytar8-300x191.jpg 300w, https:\/\/turid.se\/wp-content\/uploads\/2023\/12\/66_Vinterbild-med-isbrytar8-768x489.jpg 768w, https:\/\/turid.se\/wp-content\/uploads\/2023\/12\/66_Vinterbild-med-isbrytar8-1536x978.jpg 1536w, https:\/\/turid.se\/wp-content\/uploads\/2023\/12\/66_Vinterbild-med-isbrytar8-18x12.jpg 18w, https:\/\/turid.se\/wp-content\/uploads\/2023\/12\/66_Vinterbild-med-isbrytar8-1568x999.jpg 1568w, https:\/\/turid.se\/wp-content\/uploads\/2023\/12\/66_Vinterbild-med-isbrytar8.jpg 2008w\" sizes=\"auto, (max-width: 1024px) 100vw, 1024px\" \/><\/a><figcaption class=\"wp-element-caption\">Vinter p\u00e5 kajen<\/figcaption><\/figure>\n<\/figure>\n","protected":false},"excerpt":{"rendered":"<p>\u2013 ber\u00e4ttat f\u00f6r bandspelaren 1967-01-06 Turid fr\u00e5n Lofoten var den b\u00e5t vi hade n\u00e4r jag, Jakob, var barn. H\u00e4r \u00e4r historien om hur den k\u00f6ptes och kom till familjen. Foto: Staffan Norstedt Personer: K\u00f6pet Staffan:&#8211; Vi var i Stockholm i b\u00f6rjan av sommaren 1966 och d\u00e5 b\u00f6rjade v\u00e5ra planer ta form. Berit och jag vandrade&hellip; <a class=\"more-link\" href=\"https:\/\/turid.se\/sv\/2023\/12\/22\/nar-turid-kom-till-familjen\/\">Forts\u00e4tt l\u00e4sa <span class=\"screen-reader-text\">N\u00e4r Turid kom till familjen 1966<\/span><\/a><\/p>\n","protected":false},"author":3,"featured_media":2155,"comment_status":"open","ping_status":"open","sticky":false,"template":"","format":"standard","meta":{"cybocfi_hide_featured_image":"yes","_jetpack_memberships_contains_paid_content":false,"footnotes":"","jetpack_publicize_message":"","jetpack_publicize_feature_enabled":true,"jetpack_social_post_already_shared":false,"jetpack_social_options":{"image_generator_settings":{"template":"highway","default_image_id":0,"font":"","enabled":false},"version":2}},"categories":[31,81],"tags":[25],"class_list":["post-2140","post","type-post","status-publish","format-standard","has-post-thumbnail","hentry","category-bat","category-turid","tag-turid-den-forsta","entry"],"jetpack_publicize_connections":[],"jetpack_featured_media_url":"https:\/\/turid.se\/wp-content\/uploads\/2023\/12\/66_Turid-i-Appelviken2.jpg","jetpack_sharing_enabled":true,"rttpg_featured_image_url":{"full":["https:\/\/turid.se\/wp-content\/uploads\/2023\/12\/66_Turid-i-Appelviken2.jpg",1772,1031,false],"landscape":["https:\/\/turid.se\/wp-content\/uploads\/2023\/12\/66_Turid-i-Appelviken2.jpg",1772,1031,false],"portraits":["https:\/\/turid.se\/wp-content\/uploads\/2023\/12\/66_Turid-i-Appelviken2.jpg",1772,1031,false],"thumbnail":["https:\/\/turid.se\/wp-content\/uploads\/2023\/12\/66_Turid-i-Appelviken2-150x150.jpg",150,150,true],"medium":["https:\/\/turid.se\/wp-content\/uploads\/2023\/12\/66_Turid-i-Appelviken2-300x175.jpg",300,175,true],"large":["https:\/\/turid.se\/wp-content\/uploads\/2023\/12\/66_Turid-i-Appelviken2-1024x596.jpg",1000,582,true],"1536x1536":["https:\/\/turid.se\/wp-content\/uploads\/2023\/12\/66_Turid-i-Appelviken2-1536x894.jpg",1536,894,true],"2048x2048":["https:\/\/turid.se\/wp-content\/uploads\/2023\/12\/66_Turid-i-Appelviken2.jpg",1772,1031,false],"trp-custom-language-flag":["https:\/\/turid.se\/wp-content\/uploads\/2023\/12\/66_Turid-i-Appelviken2-18x10.jpg",18,10,true],"post-thumbnail":["https:\/\/turid.se\/wp-content\/uploads\/2023\/12\/66_Turid-i-Appelviken2-1568x912.jpg",1568,912,true]},"rttpg_author":{"display_name":"Jakob Norstedt","author_link":"https:\/\/turid.se\/sv\/author\/jakob\/"},"rttpg_comment":1,"rttpg_category":"<a href=\"https:\/\/turid.se\/sv\/kat\/bat\/\" rel=\"category tag\">B\u00e5t<\/a> <a href=\"https:\/\/turid.se\/sv\/kat\/bat\/turid\/\" rel=\"category tag\">Turid<\/a>","rttpg_excerpt":"\u2013 ber\u00e4ttat f\u00f6r bandspelaren 1967-01-06 Turid fr\u00e5n Lofoten var den b\u00e5t vi hade n\u00e4r jag, Jakob, var barn. H\u00e4r \u00e4r historien om hur den k\u00f6ptes och kom till familjen. Foto: Staffan Norstedt Personer: K\u00f6pet Staffan:&#8211; Vi var i Stockholm i b\u00f6rjan av sommaren 1966 och d\u00e5 b\u00f6rjade v\u00e5ra planer ta form. Berit och jag vandrade&hellip;&hellip;","_links":{"self":[{"href":"https:\/\/turid.se\/sv\/wp-json\/wp\/v2\/posts\/2140","targetHints":{"allow":["GET"]}}],"collection":[{"href":"https:\/\/turid.se\/sv\/wp-json\/wp\/v2\/posts"}],"about":[{"href":"https:\/\/turid.se\/sv\/wp-json\/wp\/v2\/types\/post"}],"author":[{"embeddable":true,"href":"https:\/\/turid.se\/sv\/wp-json\/wp\/v2\/users\/3"}],"replies":[{"embeddable":true,"href":"https:\/\/turid.se\/sv\/wp-json\/wp\/v2\/comments?post=2140"}],"version-history":[{"count":26,"href":"https:\/\/turid.se\/sv\/wp-json\/wp\/v2\/posts\/2140\/revisions"}],"predecessor-version":[{"id":2186,"href":"https:\/\/turid.se\/sv\/wp-json\/wp\/v2\/posts\/2140\/revisions\/2186"}],"wp:featuredmedia":[{"embeddable":true,"href":"https:\/\/turid.se\/sv\/wp-json\/wp\/v2\/media\/2155"}],"wp:attachment":[{"href":"https:\/\/turid.se\/sv\/wp-json\/wp\/v2\/media?parent=2140"}],"wp:term":[{"taxonomy":"category","embeddable":true,"href":"https:\/\/turid.se\/sv\/wp-json\/wp\/v2\/categories?post=2140"},{"taxonomy":"post_tag","embeddable":true,"href":"https:\/\/turid.se\/sv\/wp-json\/wp\/v2\/tags?post=2140"}],"curies":[{"name":"wp","href":"https:\/\/api.w.org\/{rel}","templated":true}]}}