{"id":2187,"date":"2024-01-05T21:30:01","date_gmt":"2024-01-05T20:30:01","guid":{"rendered":"https:\/\/turid.se\/?p=2187"},"modified":"2024-12-07T07:03:34","modified_gmt":"2024-12-07T06:03:34","slug":"turid-en-skoyte-fra-lofoten","status":"publish","type":"post","link":"https:\/\/turid.se\/sv\/2024\/01\/05\/turid-en-skoyte-fra-lofoten\/","title":{"rendered":"Turid &#8211; en sk\u00f8yte fra Lofoten"},"content":{"rendered":"\n<p>Turid k\u00f6ptes p\u00e5 R\u00f8st i Lofoten i Nordnorge 1965 och <a href=\"https:\/\/turid.se\/2022\/01\/29\/turid-hamtas-norge\/\">k\u00f6rdes till Stockholm<\/a> d\u00e4r vi k\u00f6pte henne i augusti 1966 och <a href=\"https:\/\/turid.se\/2023\/12\/22\/nar-turid-kom-till-familjen\/\">tog upp henne till \u00d6rnsk\u00f6ldsvik<\/a>. Men vad var egentligen Turid? Vi visste inte mycket men m\u00e4tbrevet &#8211; m\u00e5lebrevet &#8211; f\u00f6ljde med och det har blivit l\u00e4ttare att s\u00f6ka information p\u00e5 senare \u00e5r.<\/p>\n\n\n\n<div class=\"wp-block-columns is-layout-flex wp-container-core-columns-is-layout-d0b3c9c8 wp-block-columns-is-layout-flex\">\n<div class=\"wp-block-column is-layout-flow wp-block-column-is-layout-flow\">\n<p>Tills helt nyligen hade jag inte sett n\u00e5gon bild alls av Turid som fiskefartyg &#8211; bara bilder efter f\u00f6rs\u00e4ljningen till Sverige. Men jag fick kontakt med dottern till hennes \u00e4gare Henning Arntsen p\u00e5 R\u00f8st som kunde ge mig detta foto av Turid. Det som var intressant var att registreringsnumret framgick &#8211; <strong>N-66-RT<\/strong>. <\/p>\n\n\n\n<p>Det betyder b\u00e5t 66 p\u00e5 R\u00f8st i Nordland, Norge.<\/p>\n<\/div>\n\n\n\n<div class=\"wp-block-column is-layout-flow wp-block-column-is-layout-flow\">\n<figure class=\"wp-block-gallery has-nested-images columns-1 is-cropped wp-block-gallery-1 is-layout-flex wp-block-gallery-is-layout-flex\">\n<figure class=\"wp-block-image size-large\"><a href=\"https:\/\/turid.se\/wp-content\/uploads\/2024\/01\/N-66-RT-Turid-1.jpg\"><img loading=\"lazy\" decoding=\"async\" width=\"1024\" height=\"1024\" data-id=\"2190\" src=\"https:\/\/turid.se\/wp-content\/uploads\/2024\/01\/N-66-RT-Turid-1-1024x1024.jpg\" alt=\"\" class=\"wp-image-2190\" srcset=\"https:\/\/turid.se\/wp-content\/uploads\/2024\/01\/N-66-RT-Turid-1-1024x1024.jpg 1024w, https:\/\/turid.se\/wp-content\/uploads\/2024\/01\/N-66-RT-Turid-1-300x300.jpg 300w, https:\/\/turid.se\/wp-content\/uploads\/2024\/01\/N-66-RT-Turid-1-150x150.jpg 150w, https:\/\/turid.se\/wp-content\/uploads\/2024\/01\/N-66-RT-Turid-1-768x768.jpg 768w, https:\/\/turid.se\/wp-content\/uploads\/2024\/01\/N-66-RT-Turid-1-12x12.jpg 12w, https:\/\/turid.se\/wp-content\/uploads\/2024\/01\/N-66-RT-Turid-1.jpg 1044w\" sizes=\"auto, (max-width: 1024px) 100vw, 1024px\" \/><\/a><figcaption class=\"wp-element-caption\">Turid N-66-RT<\/figcaption><\/figure>\n<\/figure>\n<\/div>\n<\/div>\n\n\n\n<div class=\"wp-block-columns is-layout-flex wp-container-core-columns-is-layout-d0b3c9c8 wp-block-columns-is-layout-flex\">\n<div class=\"wp-block-column is-layout-flow wp-block-column-is-layout-flow\">\n<p>Detta nummer st\u00e4mmer \u00f6verens med registreringen i ett merkebrev som f\u00f6ljde med. Men h\u00e4r heter hon &#8221;<strong>Thuri<\/strong>&#8221;.<\/p>\n\n\n\n<p>I vart fall st\u00e5r det att hon \u00e4r byggd p\u00e5 &#8221;Ranen&#8221; 1935 och att Henning Arntsen blev \u00e4gare till Turid 1937.<\/p>\n<\/div>\n\n\n\n<div class=\"wp-block-column is-layout-flow wp-block-column-is-layout-flow\">\n<figure class=\"wp-block-gallery has-nested-images columns-default is-cropped wp-block-gallery-2 is-layout-flex wp-block-gallery-is-layout-flex\">\n<figure class=\"wp-block-image size-large\"><a href=\"https:\/\/turid.se\/wp-content\/uploads\/2024\/01\/Turids-matbrev_2.jpg\"><img loading=\"lazy\" decoding=\"async\" width=\"756\" height=\"1024\" data-id=\"2191\" src=\"https:\/\/turid.se\/wp-content\/uploads\/2024\/01\/Turids-matbrev_2-756x1024.jpg\" alt=\"\" class=\"wp-image-2191\" srcset=\"https:\/\/turid.se\/wp-content\/uploads\/2024\/01\/Turids-matbrev_2-756x1024.jpg 756w, https:\/\/turid.se\/wp-content\/uploads\/2024\/01\/Turids-matbrev_2-222x300.jpg 222w, https:\/\/turid.se\/wp-content\/uploads\/2024\/01\/Turids-matbrev_2-768x1040.jpg 768w, https:\/\/turid.se\/wp-content\/uploads\/2024\/01\/Turids-matbrev_2-9x12.jpg 9w, https:\/\/turid.se\/wp-content\/uploads\/2024\/01\/Turids-matbrev_2.jpg 886w\" sizes=\"auto, (max-width: 756px) 100vw, 756px\" \/><\/a><figcaption class=\"wp-element-caption\">Merkebrev &#8211; Thuri<\/figcaption><\/figure>\n<\/figure>\n<\/div>\n<\/div>\n\n\n\n<div class=\"wp-block-columns is-layout-flex wp-container-core-columns-is-layout-d0b3c9c8 wp-block-columns-is-layout-flex\">\n<div class=\"wp-block-column is-layout-flow wp-block-column-is-layout-flow\">\n<p>Det finns ytterligare ett brev i arkivet efter v\u00e5r b\u00e5t, ett m\u00e5lebrev &#8211; m\u00e4tbrev. Namnet \u00e4r <strong>Turid<\/strong>, ingen tvekan.<\/p>\n<\/div>\n\n\n\n<div class=\"wp-block-column is-layout-flow wp-block-column-is-layout-flow\">\n<figure class=\"wp-block-gallery has-nested-images columns-default is-cropped wp-block-gallery-3 is-layout-flex wp-block-gallery-is-layout-flex\">\n<figure class=\"wp-block-image size-large\"><a href=\"https:\/\/turid.se\/wp-content\/uploads\/2024\/01\/Turids-matbrev_web.jpg\"><img loading=\"lazy\" decoding=\"async\" width=\"652\" height=\"1024\" data-id=\"2192\" src=\"https:\/\/turid.se\/wp-content\/uploads\/2024\/01\/Turids-matbrev_web-652x1024.jpg\" alt=\"\" class=\"wp-image-2192\" srcset=\"https:\/\/turid.se\/wp-content\/uploads\/2024\/01\/Turids-matbrev_web-652x1024.jpg 652w, https:\/\/turid.se\/wp-content\/uploads\/2024\/01\/Turids-matbrev_web-191x300.jpg 191w, https:\/\/turid.se\/wp-content\/uploads\/2024\/01\/Turids-matbrev_web-768x1207.jpg 768w, https:\/\/turid.se\/wp-content\/uploads\/2024\/01\/Turids-matbrev_web-978x1536.jpg 978w, https:\/\/turid.se\/wp-content\/uploads\/2024\/01\/Turids-matbrev_web-8x12.jpg 8w, https:\/\/turid.se\/wp-content\/uploads\/2024\/01\/Turids-matbrev_web.jpg 1273w\" sizes=\"auto, (max-width: 652px) 100vw, 652px\" \/><\/a><\/figure>\n<\/figure>\n<\/div>\n<\/div>\n\n\n\n<div class=\"wp-block-columns is-layout-flex wp-container-core-columns-is-layout-d0b3c9c8 wp-block-columns-is-layout-flex\">\n<div class=\"wp-block-column is-layout-flow wp-block-column-is-layout-flow\">\n<p>Men var \u00e4r hon bygd? Ranen, var ligger det? Det finns ganska m\u00e5nga platser i Norge som heter n\u00e5got med Ranen men en god gissning \u00e4r Mo i Rana och trakten d\u00e4romkring. Cirka 100 distansminuter eller 20 mil s\u00f6der om R\u00f8st.<\/p>\n\n\n\n<p>Hur som helst, jag gick med i n\u00e5gra facebookgrupper f\u00f6r norska tr\u00e4b\u00e5tar och fiskeb\u00e5tar och b\u00f6rjade fr\u00e5ga runt. Snart visade det sig att Ranen nog kunde vara r\u00e4tt, fjorden vid Mo i Rana kallades Ranen f\u00f6rr, och Mo i Rana var inte n\u00e5gon plats att tala om f\u00f6rr\u00e4n p\u00e5 senare \u00e5r n\u00e4r j\u00e4rnverket byggdes. <\/p>\n\n\n\n<p>F\u00f6rr var det orten Hemnesberget som g\u00e4llde och d\u00e4r byggdes det mycket b\u00e5tar.<\/p>\n<\/div>\n\n\n\n<div class=\"wp-block-column is-layout-flow wp-block-column-is-layout-flow\">\n<figure class=\"wp-block-gallery has-nested-images columns-default is-cropped wp-block-gallery-4 is-layout-flex wp-block-gallery-is-layout-flex\">\n<figure class=\"wp-block-image size-large\"><a href=\"https:\/\/turid.se\/wp-content\/uploads\/2024\/01\/norge-karta.png\"><img loading=\"lazy\" decoding=\"async\" width=\"937\" height=\"1024\" data-id=\"2193\" src=\"https:\/\/turid.se\/wp-content\/uploads\/2024\/01\/norge-karta-937x1024.png\" alt=\"\" class=\"wp-image-2193\" srcset=\"https:\/\/turid.se\/wp-content\/uploads\/2024\/01\/norge-karta-937x1024.png 937w, https:\/\/turid.se\/wp-content\/uploads\/2024\/01\/norge-karta-274x300.png 274w, https:\/\/turid.se\/wp-content\/uploads\/2024\/01\/norge-karta-768x840.png 768w, https:\/\/turid.se\/wp-content\/uploads\/2024\/01\/norge-karta-11x12.png 11w, https:\/\/turid.se\/wp-content\/uploads\/2024\/01\/norge-karta.png 1103w\" sizes=\"auto, (max-width: 937px) 100vw, 937px\" \/><\/a><\/figure>\n<\/figure>\n<\/div>\n<\/div>\n\n\n\n<div class=\"wp-block-columns is-layout-flex wp-container-core-columns-is-layout-d0b3c9c8 wp-block-columns-is-layout-flex\">\n<div class=\"wp-block-column is-layout-flow wp-block-column-is-layout-flow\">\n<p>I gruppen &#8221;<strong><em><a href=\"https:\/\/www.facebook.com\/groups\/379425505569926\">B\u00e5ter bygd p\u00e5 Hemnesberget m\/omland<\/a><\/em><\/strong>&#8221; fick jag napp. Det var ingen tvekan att Turid h\u00f6rde hemma d\u00e4r. Det dr\u00f6jde inte m\u00e5nga minuter innan det mesta var klart.<\/p>\n\n\n\n<p>Turid blev byggd 1935 av K\u00e5re Hansen p\u00e5 <a href=\"https:\/\/maps.app.goo.gl\/5dobeU1oLRsjHsDh6\">Sund vid Hemnesberget<\/a> f\u00f6r Walter Pettersen, L\u00f8dingen h\u00f6gre upp i Lofoten. B\u00e5ten fick namnet &#8221;<strong>Thor<\/strong>&#8221; och registreringen N-172-LN.<\/p>\n\n\n\n<p>Hon blev s\u00e5ld efter ett par \u00e5r till Magnus Nilsen, Svolv\u00e6r d\u00e5 hon fick namnet &#8221;<strong>Thuri<\/strong>&#8221; och strax d\u00e4refter till Henning Arntsen p\u00e5 R\u00f8st som allts\u00e5 l\u00e4t namnet bli &#8221;<strong>Turid<\/strong>&#8221;. Turid \u00e4r ju faktiskt ett namn besl\u00e4ktat med Thor. <\/p>\n\n\n\n<p>Motorn var en 16 hk Wichmann t\u00e4ndkulemotor.<\/p>\n\n\n\n<p>I&nbsp;Hemnesberget-gruppen hade man koll; snabbt kom det fram ett klipp med bild av Turid underskrivet K\u00e5re Hansens B\u00e5tbyggeri. Kanske var det en annons p\u00e5 1960-talet.<\/p>\n\n\n\n<p>Det ska f\u00f6r \u00f6vrigt ha funnits tv\u00e5 b\u00e5tbyggerier i Sund, K\u00e5re Hansen Sund och Aksel M\u00f8llevik &amp; S\u00f8nner.<\/p>\n\n\n\n<p>Nu hoppas jag det g\u00e5r att f\u00e5 fram n\u00e5gon sorts mall eller ritning till b\u00e5ten, det vore sp\u00e4nnande!<\/p>\n<\/div>\n\n\n\n<div class=\"wp-block-column is-layout-flow wp-block-column-is-layout-flow\">\n<figure class=\"wp-block-gallery has-nested-images columns-default is-cropped wp-block-gallery-5 is-layout-flex wp-block-gallery-is-layout-flex\">\n<figure class=\"wp-block-image size-large\"><a href=\"https:\/\/turid.se\/wp-content\/uploads\/2024\/01\/Kare-Hansen-Batbyggeri-tidningsklipp.jpg\"><img loading=\"lazy\" decoding=\"async\" width=\"451\" height=\"617\" data-id=\"2195\" src=\"https:\/\/turid.se\/wp-content\/uploads\/2024\/01\/Kare-Hansen-Batbyggeri-tidningsklipp.jpg\" alt=\"\" class=\"wp-image-2195\" srcset=\"https:\/\/turid.se\/wp-content\/uploads\/2024\/01\/Kare-Hansen-Batbyggeri-tidningsklipp.jpg 451w, https:\/\/turid.se\/wp-content\/uploads\/2024\/01\/Kare-Hansen-Batbyggeri-tidningsklipp-219x300.jpg 219w, https:\/\/turid.se\/wp-content\/uploads\/2024\/01\/Kare-Hansen-Batbyggeri-tidningsklipp-9x12.jpg 9w\" sizes=\"auto, (max-width: 451px) 100vw, 451px\" \/><\/a><figcaption class=\"wp-element-caption\">Turid fr\u00e5n K\u00e5re Hansens B\u00e5tbyggeri<\/figcaption><\/figure>\n<\/figure>\n<\/div>\n<\/div>\n","protected":false},"excerpt":{"rendered":"<p>Turid k\u00f6ptes p\u00e5 R\u00f8st i Lofoten i Nordnorge 1965 och k\u00f6rdes till Stockholm d\u00e4r vi k\u00f6pte henne i augusti 1966 och tog upp henne till \u00d6rnsk\u00f6ldsvik. Men vad var egentligen Turid? Vi visste inte mycket men m\u00e4tbrevet &#8211; m\u00e5lebrevet &#8211; f\u00f6ljde med och det har blivit l\u00e4ttare att s\u00f6ka information p\u00e5 senare \u00e5r. Tills helt&hellip; <a class=\"more-link\" href=\"https:\/\/turid.se\/sv\/2024\/01\/05\/turid-en-skoyte-fra-lofoten\/\">Forts\u00e4tt l\u00e4sa <span class=\"screen-reader-text\">Turid &#8211; en sk\u00f8yte fra Lofoten<\/span><\/a><\/p>\n","protected":false},"author":3,"featured_media":2188,"comment_status":"open","ping_status":"open","sticky":false,"template":"","format":"standard","meta":{"cybocfi_hide_featured_image":"yes","_jetpack_memberships_contains_paid_content":false,"footnotes":"","jetpack_publicize_message":"","jetpack_publicize_feature_enabled":true,"jetpack_social_post_already_shared":false,"jetpack_social_options":{"image_generator_settings":{"template":"highway","default_image_id":0,"font":"","enabled":false},"version":2}},"categories":[31,81],"tags":[25],"class_list":["post-2187","post","type-post","status-publish","format-standard","has-post-thumbnail","hentry","category-bat","category-turid","tag-turid-den-forsta","entry"],"jetpack_publicize_connections":[],"jetpack_featured_media_url":"https:\/\/turid.se\/wp-content\/uploads\/2024\/01\/malebrev-Turid.png","jetpack_sharing_enabled":true,"rttpg_featured_image_url":{"full":["https:\/\/turid.se\/wp-content\/uploads\/2024\/01\/malebrev-Turid.png",1068,940,false],"landscape":["https:\/\/turid.se\/wp-content\/uploads\/2024\/01\/malebrev-Turid.png",1068,940,false],"portraits":["https:\/\/turid.se\/wp-content\/uploads\/2024\/01\/malebrev-Turid.png",1068,940,false],"thumbnail":["https:\/\/turid.se\/wp-content\/uploads\/2024\/01\/malebrev-Turid-150x150.png",150,150,true],"medium":["https:\/\/turid.se\/wp-content\/uploads\/2024\/01\/malebrev-Turid-300x264.png",300,264,true],"large":["https:\/\/turid.se\/wp-content\/uploads\/2024\/01\/malebrev-Turid-1024x901.png",1000,880,true],"1536x1536":["https:\/\/turid.se\/wp-content\/uploads\/2024\/01\/malebrev-Turid.png",1068,940,false],"2048x2048":["https:\/\/turid.se\/wp-content\/uploads\/2024\/01\/malebrev-Turid.png",1068,940,false],"trp-custom-language-flag":["https:\/\/turid.se\/wp-content\/uploads\/2024\/01\/malebrev-Turid-14x12.png",14,12,true],"post-thumbnail":["https:\/\/turid.se\/wp-content\/uploads\/2024\/01\/malebrev-Turid.png",1068,940,false]},"rttpg_author":{"display_name":"Jakob Norstedt","author_link":"https:\/\/turid.se\/sv\/author\/jakob\/"},"rttpg_comment":0,"rttpg_category":"<a href=\"https:\/\/turid.se\/sv\/kat\/bat\/\" rel=\"category tag\">B\u00e5t<\/a> <a href=\"https:\/\/turid.se\/sv\/kat\/bat\/turid\/\" rel=\"category tag\">Turid<\/a>","rttpg_excerpt":"Turid k\u00f6ptes p\u00e5 R\u00f8st i Lofoten i Nordnorge 1965 och k\u00f6rdes till Stockholm d\u00e4r vi k\u00f6pte henne i augusti 1966 och tog upp henne till \u00d6rnsk\u00f6ldsvik. Men vad var egentligen Turid? Vi visste inte mycket men m\u00e4tbrevet &#8211; m\u00e5lebrevet &#8211; f\u00f6ljde med och det har blivit l\u00e4ttare att s\u00f6ka information p\u00e5 senare \u00e5r. Tills helt&hellip;&hellip;","_links":{"self":[{"href":"https:\/\/turid.se\/sv\/wp-json\/wp\/v2\/posts\/2187","targetHints":{"allow":["GET"]}}],"collection":[{"href":"https:\/\/turid.se\/sv\/wp-json\/wp\/v2\/posts"}],"about":[{"href":"https:\/\/turid.se\/sv\/wp-json\/wp\/v2\/types\/post"}],"author":[{"embeddable":true,"href":"https:\/\/turid.se\/sv\/wp-json\/wp\/v2\/users\/3"}],"replies":[{"embeddable":true,"href":"https:\/\/turid.se\/sv\/wp-json\/wp\/v2\/comments?post=2187"}],"version-history":[{"count":19,"href":"https:\/\/turid.se\/sv\/wp-json\/wp\/v2\/posts\/2187\/revisions"}],"predecessor-version":[{"id":2535,"href":"https:\/\/turid.se\/sv\/wp-json\/wp\/v2\/posts\/2187\/revisions\/2535"}],"wp:featuredmedia":[{"embeddable":true,"href":"https:\/\/turid.se\/sv\/wp-json\/wp\/v2\/media\/2188"}],"wp:attachment":[{"href":"https:\/\/turid.se\/sv\/wp-json\/wp\/v2\/media?parent=2187"}],"wp:term":[{"taxonomy":"category","embeddable":true,"href":"https:\/\/turid.se\/sv\/wp-json\/wp\/v2\/categories?post=2187"},{"taxonomy":"post_tag","embeddable":true,"href":"https:\/\/turid.se\/sv\/wp-json\/wp\/v2\/tags?post=2187"}],"curies":[{"name":"wp","href":"https:\/\/api.w.org\/{rel}","templated":true}]}}